{"id":4607,"date":"2016-09-06T17:41:28","date_gmt":"2016-09-06T15:41:28","guid":{"rendered":"https:\/\/www.eranove.com\/letat-de-cote-divoire-et-le-groupe-eranove-signent-un-accord-pour-une-nouvelle-centrale-electrique\/"},"modified":"2021-05-14T12:06:16","modified_gmt":"2021-05-14T10:06:16","slug":"letat-de-cote-divoire-et-le-groupe-eranove-signent-un-accord-pour-une-nouvelle-centrale-electrique","status":"publish","type":"post","link":"https:\/\/www.eranove.com\/en\/blog\/2016\/09\/06\/letat-de-cote-divoire-et-le-groupe-eranove-signent-un-accord-pour-une-nouvelle-centrale-electrique\/","title":{"rendered":"L\u2019\u00c9tat de C\u00f4te d\u2019Ivoire et le groupe Eranove signent un accord pour une nouvelle centrale \u00e9lectrique"},"content":{"rendered":"<p>[et_pb_section bb_built=&#8221;1&#8243;][et_pb_row][et_pb_column type=&#8221;4_4&#8243;][gla_bloc_mise_en_page _builder_version=&#8221;3.12.2&#8243; choice_background_color=&#8221;bg-transparent&#8221; cell_alignment=&#8221;top&#8221; cover=&#8221;off&#8221; choice_cover_alignment=&#8221;center&#8221; choice_cover_position=&#8221;up&#8221; title_hierarchical=&#8221;h2&#8243; choice_header_color=&#8221;h-transparent&#8221;]<\/p>\n<p><span style=\"font-family: arial,helvetica,sans-serif; font-size: 10pt; color: #000000;\"><a href=\"https:\/\/www.eranove.com\/wp-content\/uploads\/2014\/01\/VIEW1_HRSG.jpg\"><img loading=\"lazy\" decoding=\"async\" class=\"aligncenter size-full wp-image-1766\" src=\"https:\/\/www.eranove.com\/wp-content\/uploads\/2014\/01\/VIEW1_HRSG.jpg\" alt=\"cycle combin\u00e9\" width=\"1280\" height=\"720\" \/><\/a>Le Ministre du P\u00e9trole et de l\u2019\u00c9nergie, Monsieur Adama TOUNGARA, et le Directeur G\u00e9n\u00e9ral du Groupe industriel Eranove, Monsieur Marc ALB\u00c9ROLA, ont sign\u00e9 lundi 5 septembre un protocole d\u2019accord pour le financement, la conception, la construction, l\u2019exploitation et la maintenance d\u2019une nouvelle unit\u00e9 de production d\u2019\u00e9lectricit\u00e9 en C\u00f4te d\u2019Ivoire.<\/span><\/p>\n<p style=\"text-align: justify;\"><span style=\"font-family: arial,helvetica,sans-serif; font-size: 10pt; color: #000000;\">Ce protocole d\u2019accord pr\u00e9voit notamment la r\u00e9alisation par le Groupe Eranove de toutes les \u00e9tudes pr\u00e9alables, l\u2019\u00e9laboration et la validation du calendrier, la recherche de partenaires techniques et financiers. Cette future centrale thermique \u00e0 gaz d\u2019une puissance install\u00e9e de 350 \u00e0 400 MW utilisera la technologie \u00ab <i>cycle combin\u00e9<\/i> \u00bb. Cette technologie permet notamment de produire plus d\u2019\u00e9lectricit\u00e9 sans consommation additionnelle de gaz. Elle induit donc une optimisation du co\u00fbt de production de l\u2019\u00e9nergie \u00e9lectrique et permet d\u2019\u00e9viter le rejet de 500 000 tonnes de CO<sub>2<\/sub> par an dans l\u2019atmosph\u00e8re.<\/span><\/p>\n<p style=\"text-align: justify;\"><span style=\"font-family: arial,helvetica,sans-serif; font-size: 10pt; color: #000000;\">\u00ab <i>Ce nouveau projet contribuera \u00e0 ce que la C\u00f4te d\u2019Ivoire puisse doubler sa capacit\u00e9 \u00e9nerg\u00e9tique, actuellement \u00e9valu\u00e9e \u00e0 2 000 MW, pour atteindre 4 000 MW d\u2019ici 2020, soit l\u2019installation en 5 ans (2016\/2020) de la m\u00eame capacit\u00e9 que celle install\u00e9e en 51 ans, permettant \u00e0 la C\u00f4te d\u2019Ivoire de respecter ses engagements \u00e9nerg\u00e9tiques envers la sous-r\u00e9gion <\/i>\u00bb, explique le Ministre du P\u00e9trole et de l\u2019\u00c9nergie, M. Adama TOUNGARA.<\/span><\/p>\n<p style=\"text-align: justify;\"><span style=\"font-family: arial,helvetica,sans-serif; font-size: 10pt; color: #000000;\">Ce projet va s\u2019appuyer sur l\u2019expertise et l\u2019exp\u00e9rience acquises par le Groupe Eranove, \u00e0 travers notamment sa filiale CIPREL. Cr\u00e9\u00e9 en 1994 dans le but de contribuer \u00e0 r\u00e9pondre aux besoins \u00e9nerg\u00e9tiques croissants de la C\u00f4te d\u2019Ivoire, CIPREL est historiquement le premier producteur d\u2019\u00e9lectricit\u00e9 ind\u00e9pendant (IPP) en Afrique de l\u2019Ouest et le plus grand de la zone UEMOA. En d\u00e9but d\u2019ann\u00e9e 2016, Son Excellence Monsieur le Pr\u00e9sident de la R\u00e9publique, Alassane Ouattara, a inaugur\u00e9 la nouvelle tranche de production de la Soci\u00e9t\u00e9 CIPREL. La mise en service de cette nouvelle turbine puis du cycle combin\u00e9 gaz-vapeur (CIPREL IV) a augment\u00e9 la capacit\u00e9 install\u00e9e de 321 \u00e0 556 m\u00e9gawatts (MW), confirmant ainsi la place de leader de CIPREL en C\u00f4te d\u2019Ivoire et dans la sous-r\u00e9gion. Cette contribution exceptionnelle a valu \u00e0 CIPREL de recevoir le mois dernier du Gouvernement le \u00ab <i>Prix d\u2019excellence 2016 de la meilleure structure du secteur de l\u2019\u00e9nergie<\/i> \u00bb.<\/span><\/p>\n<p style=\"text-align: justify;\"><span style=\"font-family: arial,helvetica,sans-serif; font-size: 10pt; color: #000000;\">CIPREL IV a \u00e9t\u00e9 l\u2019un des principaux projets d\u2019infrastructures de C\u00f4te d\u2019Ivoire de ces derni\u00e8res ann\u00e9es. Un investissement de 340 millions d\u2019euros (223 milliards de francs CFA) a \u00e9t\u00e9 mobilis\u00e9 aupr\u00e8s des actionnaires de CIPREL (Groupe Eranove, \u00c9tat de C\u00f4te d\u2019Ivoire, BOAD), de banques nationales et r\u00e9gionales (avec Oragroup comme arrangeur) et d\u2019institutions internationales (Proparco, BAD) conduites par International Finance Corporation (IFC, Groupe Banque Mondiale). Le projet a mobilis\u00e9 jusqu\u2019\u00e0 2 500 travailleurs \u00e0 la pointe de la charge de travail. \u00ab Apr\u00e8s la mise en service de la phase IV de CIPREL, ce nouveau projet \u00e9nerg\u00e9tique reprenant la technologie du cycle combin\u00e9 gaz-vapeur souligne la qualit\u00e9 de nos relations avec le Gouvernement de C\u00f4te d\u2019Ivoire et la solidit\u00e9 de nos capacit\u00e9s industrielles. Nous remercions le Gouvernement pour cette confiance renouvel\u00e9e qui va permettre \u00e0 la C\u00f4te d\u2019Ivoire de consolider son r\u00f4le de hub \u00e9nerg\u00e9tique r\u00e9gional \u00bb, souligne M. Marc ALB\u00c9ROLA, Directeur G\u00e9n\u00e9ral du Groupe industriel Eranove.<\/span><\/p>\n<p><!--:--><!--:en--><a href=\"https:\/\/www.eranove.com\/wp-content\/uploads\/2014\/01\/VIEW1_HRSG.jpg\"><img loading=\"lazy\" decoding=\"async\" class=\"aligncenter size-full wp-image-1766\" src=\"https:\/\/www.eranove.com\/wp-content\/uploads\/2014\/01\/VIEW1_HRSG.jpg\" alt=\"cycle combin\u00e9\" width=\"1280\" height=\"720\" \/><\/a><\/p>\n<p>[\/gla_bloc_mise_en_page][\/et_pb_column][\/et_pb_row][\/et_pb_section]<\/p>\n","protected":false},"excerpt":{"rendered":"<p>La grande majorit\u00e9 des pays du continent africain n\u2019a pu honorer le rendez-vous historique des Objectifs du Mill\u00e9naire pour le d\u00e9veloppement (OMD) en mati\u00e8re d\u2019acc\u00e8s \u00e0 l\u2019eau potable. Faisons en sorte que le d\u00e9fi des nouveaux Objectifs de D\u00e9veloppement Durable (ODD) pour \u00ab garantir l\u2019acc\u00e8s de tous \u00e0 l\u2019eau et \u00e0 l\u2019assainissement et assurer une gestion durable des ressources \u00bb&#8230;<\/p>\n","protected":false},"author":1,"featured_media":0,"comment_status":"closed","ping_status":"open","sticky":false,"template":"","format":"standard","meta":{"_acf_changed":false,"inline_featured_image":false,"_et_pb_use_builder":"on","_et_pb_old_content":"<!--:fr--><span style=\"font-family: arial,helvetica,sans-serif; font-size: 10pt; color: #000000;\"><a href=\"https:\/\/www.eranove.com\/wp-content\/uploads\/2014\/01\/VIEW1_HRSG.jpg\"><img class=\"aligncenter size-full wp-image-1766\" src=\"https:\/\/www.eranove.com\/wp-content\/uploads\/2014\/01\/VIEW1_HRSG.jpg\" alt=\"cycle combin\u00e9\" width=\"1280\" height=\"720\" \/><\/a>Le Ministre du P\u00e9trole et de l\u2019\u00c9nergie, Monsieur Adama TOUNGARA, et le Directeur G\u00e9n\u00e9ral du Groupe industriel Eranove, Monsieur Marc ALB\u00c9ROLA, ont sign\u00e9 lundi 5 septembre un protocole d\u2019accord pour le financement, la conception, la construction, l\u2019exploitation et la maintenance d\u2019une nouvelle unit\u00e9 de production d\u2019\u00e9lectricit\u00e9 en C\u00f4te d\u2019Ivoire.<\/span>\r\n<p style=\"text-align: justify;\"><span style=\"font-family: arial,helvetica,sans-serif; font-size: 10pt; color: #000000;\">Ce protocole d\u2019accord pr\u00e9voit notamment la r\u00e9alisation par le Groupe Eranove de toutes les \u00e9tudes pr\u00e9alables, l\u2019\u00e9laboration et la validation du calendrier, la recherche de partenaires techniques et financiers. Cette future centrale thermique \u00e0 gaz d\u2019une puissance install\u00e9e de 350 \u00e0 400 MW utilisera la technologie \u00ab\u00a0<i>cycle combin\u00e9<\/i>\u00a0\u00bb. Cette technologie permet notamment de produire plus d\u2019\u00e9lectricit\u00e9 sans consommation additionnelle de gaz. Elle induit donc une optimisation du co\u00fbt de production de l\u2019\u00e9nergie \u00e9lectrique et permet d\u2019\u00e9viter le rejet de 500\u00a0000 tonnes de CO<sub>2<\/sub> par an dans l\u2019atmosph\u00e8re.<\/span><\/p>\r\n<p style=\"text-align: justify;\"><span style=\"font-family: arial,helvetica,sans-serif; font-size: 10pt; color: #000000;\">\u00ab\u00a0<i>Ce nouveau projet contribuera \u00e0 ce que la C\u00f4te d\u2019Ivoire puisse doubler sa capacit\u00e9 \u00e9nerg\u00e9tique, actuellement \u00e9valu\u00e9e \u00e0 2\u00a0000 MW, pour atteindre 4\u00a0000 MW d\u2019ici 2020, soit l\u2019installation en 5 ans (2016\/2020) de la m\u00eame capacit\u00e9 que celle install\u00e9e en 51 ans, permettant \u00e0 la C\u00f4te d\u2019Ivoire de respecter ses engagements \u00e9nerg\u00e9tiques envers la sous-r\u00e9gion <\/i>\u00bb, explique le Ministre du P\u00e9trole et de l\u2019\u00c9nergie, M. Adama TOUNGARA.<\/span><\/p>\r\n<p style=\"text-align: justify;\"><span style=\"font-family: arial,helvetica,sans-serif; font-size: 10pt; color: #000000;\">Ce projet va s\u2019appuyer sur l\u2019expertise et l\u2019exp\u00e9rience acquises par le Groupe Eranove, \u00e0 travers notamment sa filiale CIPREL. Cr\u00e9\u00e9 en 1994 dans le but de contribuer \u00e0 r\u00e9pondre aux besoins \u00e9nerg\u00e9tiques croissants de la C\u00f4te d\u2019Ivoire, CIPREL est historiquement le premier producteur d\u2019\u00e9lectricit\u00e9 ind\u00e9pendant (IPP) en Afrique de l\u2019Ouest et le plus grand de la zone UEMOA. En d\u00e9but d\u2019ann\u00e9e 2016, Son Excellence Monsieur le Pr\u00e9sident de la R\u00e9publique, Alassane Ouattara, a inaugur\u00e9 la nouvelle tranche de production de la Soci\u00e9t\u00e9 CIPREL. La mise en service de cette nouvelle turbine puis du cycle combin\u00e9 gaz-vapeur (CIPREL IV) a augment\u00e9 la capacit\u00e9 install\u00e9e de 321 \u00e0 556 m\u00e9gawatts (MW), confirmant ainsi la place de leader de CIPREL en C\u00f4te d\u2019Ivoire et dans la sous-r\u00e9gion. Cette contribution exceptionnelle a valu \u00e0 CIPREL de recevoir le mois dernier du Gouvernement le \u00ab\u00a0<i>Prix d\u2019excellence 2016 de la meilleure structure du secteur de l\u2019\u00e9nergie<\/i>\u00a0\u00bb.<\/span><\/p>\r\n<p style=\"text-align: justify;\"><span style=\"font-family: arial,helvetica,sans-serif; font-size: 10pt; color: #000000;\">CIPREL IV a \u00e9t\u00e9 l\u2019un des principaux projets d\u2019infrastructures de C\u00f4te d\u2019Ivoire de ces derni\u00e8res ann\u00e9es. Un investissement de 340 millions d\u2019euros (223 milliards de francs CFA) a \u00e9t\u00e9 mobilis\u00e9 aupr\u00e8s des actionnaires de CIPREL (Groupe Eranove, \u00c9tat de C\u00f4te d\u2019Ivoire, BOAD), de banques nationales et r\u00e9gionales (avec Oragroup comme arrangeur) et d\u2019institutions internationales (Proparco, BAD) conduites par International Finance Corporation (IFC, Groupe Banque Mondiale). Le projet a mobilis\u00e9 jusqu\u2019\u00e0 2\u00a0500 travailleurs \u00e0 la pointe de la charge de travail. \u00ab\u00a0Apr\u00e8s la mise en service de la phase IV de CIPREL, ce nouveau projet \u00e9nerg\u00e9tique reprenant la technologie du cycle combin\u00e9 gaz-vapeur souligne la qualit\u00e9 de nos relations avec le Gouvernement de C\u00f4te d\u2019Ivoire et la solidit\u00e9 de nos capacit\u00e9s industrielles. Nous remercions le Gouvernement pour cette confiance renouvel\u00e9e qui va permettre \u00e0 la C\u00f4te d\u2019Ivoire de consolider son r\u00f4le de hub \u00e9nerg\u00e9tique r\u00e9gional\u00a0\u00bb, souligne M. Marc ALB\u00c9ROLA, Directeur G\u00e9n\u00e9ral du Groupe industriel Eranove.<\/span><\/p>\r\n<!--:--><!--:en--><a href=\"https:\/\/www.eranove.com\/wp-content\/uploads\/2014\/01\/VIEW1_HRSG.jpg\"><img class=\"aligncenter size-full wp-image-1766\" src=\"https:\/\/www.eranove.com\/wp-content\/uploads\/2014\/01\/VIEW1_HRSG.jpg\" alt=\"cycle combin\u00e9\" width=\"1280\" height=\"720\" \/><\/a><!--:-->","_et_gb_content_width":"","footnotes":""},"categories":[67,68,61,63],"tags":[],"class_list":["post-4607","post","type-post","status-publish","format-standard","hentry","category-atinkou-en","category-ciprel-en","category-news","category-press-releases"],"acf":[],"_links":{"self":[{"href":"https:\/\/www.eranove.com\/en\/wp-json\/wp\/v2\/posts\/4607","targetHints":{"allow":["GET"]}}],"collection":[{"href":"https:\/\/www.eranove.com\/en\/wp-json\/wp\/v2\/posts"}],"about":[{"href":"https:\/\/www.eranove.com\/en\/wp-json\/wp\/v2\/types\/post"}],"author":[{"embeddable":true,"href":"https:\/\/www.eranove.com\/en\/wp-json\/wp\/v2\/users\/1"}],"replies":[{"embeddable":true,"href":"https:\/\/www.eranove.com\/en\/wp-json\/wp\/v2\/comments?post=4607"}],"version-history":[{"count":1,"href":"https:\/\/www.eranove.com\/en\/wp-json\/wp\/v2\/posts\/4607\/revisions"}],"predecessor-version":[{"id":4608,"href":"https:\/\/www.eranove.com\/en\/wp-json\/wp\/v2\/posts\/4607\/revisions\/4608"}],"wp:attachment":[{"href":"https:\/\/www.eranove.com\/en\/wp-json\/wp\/v2\/media?parent=4607"}],"wp:term":[{"taxonomy":"category","embeddable":true,"href":"https:\/\/www.eranove.com\/en\/wp-json\/wp\/v2\/categories?post=4607"},{"taxonomy":"post_tag","embeddable":true,"href":"https:\/\/www.eranove.com\/en\/wp-json\/wp\/v2\/tags?post=4607"}],"curies":[{"name":"wp","href":"https:\/\/api.w.org\/{rel}","templated":true}]}}